{"id":257,"date":"2017-12-28T15:55:53","date_gmt":"2017-12-28T14:55:53","guid":{"rendered":"http:\/\/www.bs-moenke.de\/blog\/moenke\/?p=257"},"modified":"2020-06-25T12:53:27","modified_gmt":"2020-06-25T10:53:27","slug":"so-klappts-mit-den-neujahrsvorsaetzen","status":"publish","type":"post","link":"https:\/\/www.bs-moenke.de\/blog\/moenke\/2017\/12\/28\/so-klappts-mit-den-neujahrsvorsaetzen\/","title":{"rendered":"So klappt\u2018s mit den Neujahrsvors\u00e4tzen"},"content":{"rendered":"<p><strong>Was passiert h\u00e4ufig gegen Ende des Jahres? In den buntesten Farben malen Sie sich Ihre pers\u00f6nlichen Neujahrsvors\u00e4tze mit dem festen Vorhaben aus, diese erfolgreich umzusetzen.<\/strong><\/p>\n<p>In den Top 10 der h\u00e4ufigsten Vors\u00e4tze geht es oftmals um das Thema Work-Life-Balance bzw. weniger \u201ework\u201c und mehr \u201elife\u201c (u.a. <a href=\"https:\/\/www.evidero.de\/top-ten-gute-vorsaetze\">mehr Zeit f\u00fcr sich selbst oder Stress vermeiden und abbauen<\/a>). Auch das \u201eAuf-die-Ern\u00e4hrung-achten\u201c sowie \u201eDie-Fitness-ankurbeln\u201c geh\u00f6ren zu den Klassikern.<\/p>\n<p>Hand aufs Herz: Geh\u00f6ren auch Sie zu denjenigen, die fr\u00fchzeitig im neuen Jahr ihre Vors\u00e4tze \u00fcber Bord werfen?<\/p>\n<p>Wie Sie Ihre Neujahrsvors\u00e4tze erfolgreich meistern und z.B. die Balance zwischen \u201ework\u201c und \u201elife\u201c sogar langfristig hinbekommen \u2013 dazu gebe ich Ihnen hilfreiche Tipps aus meiner langj\u00e4hrigen Erfahrung als Business-Coach und Heilpraktikerin f\u00fcr Psychotherapie.<\/p>\n<h3>Neujahrsvors\u00e4tze und die \u201eWork-Life-Balance\u201c<\/h3>\n<p>Nicht nur seit Er\u00f6ffnung <a href=\"http:\/\/www.anja-funkel.de\/\">meiner eigenen Praxis<\/a> im Jahr 2012, sondern auch vorher bei meiner Arbeit in Vertrieb und im Marketing habe ich diverse Pers\u00f6nlichkeiten kennengelernt. In meinem Praxisalltag kommen sowohl Erwachsene als auch Kinder und Jugendliche mit ihren individuellen Anliegen zu mir. Dabei reicht das Spektrum von starken \u00c4ngsten (z.B. Flugangst, Angst vor Menschenansammlungen etc.) \u00fcber Depressionen und Essst\u00f6rungen bis hin zu Personen mit unklarer Diagnose, die sich dennoch mit Herausforderungen im Alltag konfrontiert sehen, die sie alleine nicht mehr meistern k\u00f6nnen. Mit all diesen Personen ergr\u00fcnde ich die jeweilige Ursache f\u00fcr das pers\u00f6nliche Empfinden und suche mit ihnen gemeinsam einen individuellen Weg zur\u00fcck in ein sorgenfreies Leben.<\/p>\n<p>Das Stichwort \u201e<a href=\"https:\/\/www.gruenderszene.de\/lexikon\/begriffe\/work-life-balance\">Work-Life-Balance<\/a>\u201c spielt in meinem Alltag eine h\u00e4ufige Rolle. F\u00fcr mich dr\u00fcckt dieser Begriff allgemein ein gutes Gleichgewicht zwischen Arbeitsaufkommen und Privatleben aus. Wie dieses Gleichgewicht letztendlich aussieht und wie es erreicht werden kann, ist individuell zu definieren.<\/p>\n<p>Auch im Rahmen der Neujahrsvors\u00e4tze ist die Work-Life-Balance pr\u00e4sent, scheitert jedoch oft an der Umsetzung. Warum ist das so? Der \u201eAlltagswahnsinn\u201c kommt uns schlichtweg in die Quere: Auch wenn Sie wissen, was gut f\u00fcr Sie ist, holt Sie der Alltagstrott mit seinem gewohnten Weg ein. Letzterer widerspricht jedoch gerne Ihren Neujahrsvors\u00e4tzen.<\/p>\n<h3>Neujahrsvors\u00e4tze erfolgreich umsetzen<\/h3>\n<p>Wie Sie Ihre Neujahrsvors\u00e4tze erfolgreich umsetzen ist an sich gar nicht so schwer. Sie sollten jedoch bereit sein, sich mit sich selbst auseinanderzusetzen.<\/p>\n<h5>In einem ersten Schritt definieren Sie f\u00fcr sich das passende Ziel f\u00fcr das neue Jahr. Dabei gilt:<\/h5>\n<ul>\n<li>Das Ziel sollte f\u00fcr Sie pers\u00f6nlich realistisch und erreichbar sein.<\/li>\n<li>Es sollte konkret sein und einen zeitlichen Rahmen umfassen. Zusatztipp: Setzen Sie sich zu Ihrem Hauptziel passende Zwischenziele und verbuchen Sie kleine, motivierende Erfolge f\u00fcr sich.<\/li>\n<\/ul>\n<h5>Haben Sie f\u00fcr sich das passende, realistische und konkrete Ziel gefunden, gilt f\u00fcr die erfolgreiche Umsetzung zu pr\u00fcfen:<\/h5>\n<ul>\n<li>Will ich das wirklich oder w\u00fcnschen sich das Ziel andere von mir? Warum will ich das machen? Richten Sie Ihre Vors\u00e4tze nach den W\u00fcnschen oder Ratschl\u00e4gen anderer aus und stehen selbst nicht dahinter, werden Sie diese, durch Ihre wom\u00f6glich fehlende <a href=\"http:\/\/www.bs-moenke.de\/blog\/moenke\/2018\/09\/27\/tipps-zur-motivation-im-job-das-bs-moenke-team\/\">Motivation<\/a> und \u00dcberzeugung, verfehlen. Statt Euphorie \u00fcber Ihre vollbrachte Leistung wartet dann vermutlich eher Entt\u00e4uschung auf Sie.<\/li>\n<li>Schaffe ich das alleine oder ben\u00f6tige ich Unterst\u00fctzung? Auch Letzteres kann eine Schlussfolgerung sein (z.B. ebenso bei \u00dcberwindung der \u201eAufschieberitis\u201c und anderen Verhaltensweisen, die ich gerne \u00e4ndern w\u00fcrde). Seien Sie in diesem Fall mutig und suchen Sie sich f\u00fcr Ihre erfolgreiche Zielrealisierung Unterst\u00fctzung. Diese kann aus dem famili\u00e4ren Umfeld oder von Freunden kommen, aber auch von einem pers\u00f6nlichen Coach oder Therapeuten. Es liegt in Ihrer Hand!<\/li>\n<\/ul>\n<h3>Beispielumsetzung: Entspannter durch den Alltag<\/h3>\n<p>Bislang relativ abstrakt, m\u00f6chte ich Ihnen f\u00fcr Ihre pers\u00f6nliche Alltagsentschleunigung Tipps geben. Fragen Sie sich daf\u00fcr zun\u00e4chst:<\/p>\n<p>Was genau stresst Sie in Ihrem Alltag: Ist es die Arbeit? Sind es bestimmte Personen? Betrifft es Dinge aus dem Privaten? So haben Sie f\u00fcr Ihre Umsetzung konkrete Ansatzpunkte, an denen Sie arbeiten k\u00f6nnen.<\/p>\n<p>Fragen Sie sich anschlie\u00dfend, ob es etwas ist, was Sie selbst \u00e4ndern k\u00f6nnen oder ob Sie andere ben\u00f6tigen, um die Situation zu verbessern. Stellen Sie z.B. fest, dass Ihr eigener Zeitplan neben der Arbeit viel zu eng gezurrt ist, ist genau dies Ihr Ansatzpunkt. Entzerren Sie Ihren Alltag, schaffen Sie sich Ihre individuellen, \u201ekleinen Inseln der Entspannung\u201c. Letztere k\u00f6nnen schlichtweg ein gutes Gespr\u00e4ch, ein Spaziergang, Sport oder auch autogenes Training bedeuten. H\u00e4ufig reichen nur wenige Minuten, um in diesem Moment zur Ruhe zu finden.<\/p>\n<h3>Sie wollen es wirklich? Dann schaffen Sie das auch!<\/h3>\n<p>Ihre Vors\u00e4tze sind umsetzbar, sofern diese zu Ihnen passen, sie realistisch und konkret sind und Sie wirklich wollen. Zur erfolgreichen Umsetzung geh\u00f6rt damit zum einen eine Portion Feingef\u00fchl f\u00fcr Ihre eigenen Bed\u00fcrfnisse und zum anderen ein Qu\u00e4ntchen Mut, wenn es darum geht, Unterst\u00fctzung heranzuziehen.<\/p>\n<p>Motiviert? Probieren Sie meine Tipps f\u00fcr das kommende Jahr doch direkt einmal aus!<\/p>\n<p>Beitragsbild: <em>\u00a9 <a href=\"https:\/\/stock.adobe.com\/de\/contributor\/200642598\/zerbor?load_type=author&amp;prev_url=detail\">Zerbor<\/a>\u00a0\u2013 stock.adobe.com<\/em><\/p>\n","protected":false},"excerpt":{"rendered":"<p>Was passiert h\u00e4ufig gegen Ende des Jahres? In den buntesten Farben malen Sie sich Ihre pers\u00f6nlichen Neujahrsvors\u00e4tze mit dem festen Vorhaben aus, diese erfolgreich umzusetzen. In den Top 10 der h\u00e4ufigsten Vors\u00e4tze geht es oftmals um das Thema Work-Life-Balance bzw. weniger \u201ework\u201c und mehr \u201elife\u201c (u.a. mehr Zeit f\u00fcr sich selbst oder Stress vermeiden und [&hellip;]<\/p>\n","protected":false},"author":3,"featured_media":264,"comment_status":"open","ping_status":"open","sticky":false,"template":"","format":"standard","meta":{"_et_pb_use_builder":"","_et_pb_old_content":"","_et_gb_content_width":"","inline_featured_image":false,"_mi_skip_tracking":false,"jetpack_post_was_ever_published":false,"jetpack_publicize_message":"","jetpack_is_tweetstorm":false,"jetpack_publicize_feature_enabled":true,"jetpack_social_post_already_shared":true,"jetpack_social_options":[]},"categories":[75],"tags":[56,5,52,54,55,53],"jetpack_publicize_connections":[],"yoast_head":"<!-- This site is optimized with the Yoast SEO plugin v20.3 - https:\/\/yoast.com\/wordpress\/plugins\/seo\/ -->\n<title>So klappt es mit den Neujahrsvors\u00e4tzen<\/title>\n<meta name=\"description\" content=\"Was passiert h\u00e4ufig gegen Ende des Jahres? In den buntesten Farben malen Sie sich Ihre pers\u00f6nlichen Neujahrsvors\u00e4tze mit dem festen Vorhaben aus, diese erfolgreich umzusetzen. Wie Sie Ihre Neujahrsvors\u00e4tze erfolgreich meistern \u2013 dazu gebe ich Ihnen hilfreiche Tipps aus meiner langj\u00e4hrigen Erfahrung als Business-Coach.\" \/>\n<meta name=\"robots\" content=\"index, follow, max-snippet:-1, max-image-preview:large, max-video-preview:-1\" \/>\n<link rel=\"canonical\" href=\"https:\/\/www.bs-moenke.de\/blog\/moenke\/2017\/12\/28\/so-klappts-mit-den-neujahrsvorsaetzen\/\" \/>\n<meta property=\"og:locale\" content=\"de_DE\" \/>\n<meta property=\"og:type\" content=\"article\" \/>\n<meta property=\"og:title\" content=\"So klappt es mit den Neujahrsvors\u00e4tzen\" \/>\n<meta property=\"og:description\" content=\"Was passiert h\u00e4ufig gegen Ende des Jahres? In den buntesten Farben malen Sie sich Ihre pers\u00f6nlichen Neujahrsvors\u00e4tze mit dem festen Vorhaben aus, diese erfolgreich umzusetzen. Wie Sie Ihre Neujahrsvors\u00e4tze erfolgreich meistern \u2013 dazu gebe ich Ihnen hilfreiche Tipps aus meiner langj\u00e4hrigen Erfahrung als Business-Coach.\" \/>\n<meta property=\"og:url\" content=\"https:\/\/www.bs-moenke.de\/blog\/moenke\/2017\/12\/28\/so-klappts-mit-den-neujahrsvorsaetzen\/\" \/>\n<meta property=\"og:site_name\" content=\"BS M\u00f6nke | Insights\" \/>\n<meta property=\"article:published_time\" content=\"2017-12-28T14:55:53+00:00\" \/>\n<meta property=\"article:modified_time\" content=\"2020-06-25T10:53:27+00:00\" \/>\n<meta property=\"og:image\" content=\"http:\/\/www.bs-moenke.de\/blog\/moenke\/wp-content\/uploads\/2017\/12\/Gute-Vorsaetze.jpg\" \/>\n\t<meta property=\"og:image:width\" content=\"1200\" \/>\n\t<meta property=\"og:image:height\" content=\"746\" \/>\n\t<meta property=\"og:image:type\" content=\"image\/jpeg\" \/>\n<meta name=\"author\" content=\"Anja Funkel\" \/>\n<meta name=\"twitter:card\" content=\"summary_large_image\" \/>\n<meta name=\"twitter:label1\" content=\"Verfasst von\" \/>\n\t<meta name=\"twitter:data1\" content=\"Anja Funkel\" \/>\n\t<meta name=\"twitter:label2\" content=\"Gesch\u00e4tzte Lesezeit\" \/>\n\t<meta name=\"twitter:data2\" content=\"4 Minuten\" \/>\n<script type=\"application\/ld+json\" class=\"yoast-schema-graph\">{\"@context\":\"https:\/\/schema.org\",\"@graph\":[{\"@type\":\"WebPage\",\"@id\":\"https:\/\/www.bs-moenke.de\/blog\/moenke\/2017\/12\/28\/so-klappts-mit-den-neujahrsvorsaetzen\/\",\"url\":\"https:\/\/www.bs-moenke.de\/blog\/moenke\/2017\/12\/28\/so-klappts-mit-den-neujahrsvorsaetzen\/\",\"name\":\"So klappt es mit den Neujahrsvors\u00e4tzen\",\"isPartOf\":{\"@id\":\"https:\/\/www.bs-moenke.de\/blog\/moenke\/#website\"},\"datePublished\":\"2017-12-28T14:55:53+00:00\",\"dateModified\":\"2020-06-25T10:53:27+00:00\",\"author\":{\"@id\":\"https:\/\/www.bs-moenke.de\/blog\/moenke\/#\/schema\/person\/18b99a8c48312d0c1c1063a8bc0f6854\"},\"description\":\"Was passiert h\u00e4ufig gegen Ende des Jahres? In den buntesten Farben malen Sie sich Ihre pers\u00f6nlichen Neujahrsvors\u00e4tze mit dem festen Vorhaben aus, diese erfolgreich umzusetzen. Wie Sie Ihre Neujahrsvors\u00e4tze erfolgreich meistern \u2013 dazu gebe ich Ihnen hilfreiche Tipps aus meiner langj\u00e4hrigen Erfahrung als Business-Coach.\",\"breadcrumb\":{\"@id\":\"https:\/\/www.bs-moenke.de\/blog\/moenke\/2017\/12\/28\/so-klappts-mit-den-neujahrsvorsaetzen\/#breadcrumb\"},\"inLanguage\":\"de-DE\",\"potentialAction\":[{\"@type\":\"ReadAction\",\"target\":[\"https:\/\/www.bs-moenke.de\/blog\/moenke\/2017\/12\/28\/so-klappts-mit-den-neujahrsvorsaetzen\/\"]}]},{\"@type\":\"BreadcrumbList\",\"@id\":\"https:\/\/www.bs-moenke.de\/blog\/moenke\/2017\/12\/28\/so-klappts-mit-den-neujahrsvorsaetzen\/#breadcrumb\",\"itemListElement\":[{\"@type\":\"ListItem\",\"position\":1,\"name\":\"Startseite\",\"item\":\"https:\/\/www.bs-moenke.de\/blog\/moenke\/\"},{\"@type\":\"ListItem\",\"position\":2,\"name\":\"So klappt\u2018s mit den Neujahrsvors\u00e4tzen\"}]},{\"@type\":\"WebSite\",\"@id\":\"https:\/\/www.bs-moenke.de\/blog\/moenke\/#website\",\"url\":\"https:\/\/www.bs-moenke.de\/blog\/moenke\/\",\"name\":\"BS M\u00f6nke | Insights\",\"description\":\"\",\"potentialAction\":[{\"@type\":\"SearchAction\",\"target\":{\"@type\":\"EntryPoint\",\"urlTemplate\":\"https:\/\/www.bs-moenke.de\/blog\/moenke\/?s={search_term_string}\"},\"query-input\":\"required name=search_term_string\"}],\"inLanguage\":\"de-DE\"},{\"@type\":\"Person\",\"@id\":\"https:\/\/www.bs-moenke.de\/blog\/moenke\/#\/schema\/person\/18b99a8c48312d0c1c1063a8bc0f6854\",\"name\":\"Anja Funkel\",\"image\":{\"@type\":\"ImageObject\",\"inLanguage\":\"de-DE\",\"@id\":\"https:\/\/www.bs-moenke.de\/blog\/moenke\/#\/schema\/person\/image\/\",\"url\":\"https:\/\/www.bs-moenke.de\/blog\/moenke\/wp-content\/uploads\/2017\/12\/bildas_web.jpg\",\"contentUrl\":\"https:\/\/www.bs-moenke.de\/blog\/moenke\/wp-content\/uploads\/2017\/12\/bildas_web.jpg\",\"caption\":\"Anja Funkel\"},\"description\":\"Mein Job bereitet mir Freude: T\u00e4glich begegne ich interessanten Pers\u00f6nlichkeiten, denen ich bei der Realisierung ihrer Ziele unter die Arme greifen darf. Individualit\u00e4t steht dabei f\u00fcr mich im Vordergrund. Die jeweils passende, erfolgsweisende Methode zu finden, ist mir wichtig. Daf\u00fcr erweitere ich stetig meinen fachlichen Horizont. In meiner Freizeit finde ich Entspannung beim Sport, Lesen und Reisen.\",\"sameAs\":[\"http:\/\/www.anja-funkel.de\/\"],\"url\":\"#molongui-disabled-link\"}]}<\/script>\n<!-- \/ Yoast SEO plugin. -->","yoast_head_json":{"title":"So klappt es mit den Neujahrsvors\u00e4tzen","description":"Was passiert h\u00e4ufig gegen Ende des Jahres? In den buntesten Farben malen Sie sich Ihre pers\u00f6nlichen Neujahrsvors\u00e4tze mit dem festen Vorhaben aus, diese erfolgreich umzusetzen. Wie Sie Ihre Neujahrsvors\u00e4tze erfolgreich meistern \u2013 dazu gebe ich Ihnen hilfreiche Tipps aus meiner langj\u00e4hrigen Erfahrung als Business-Coach.","robots":{"index":"index","follow":"follow","max-snippet":"max-snippet:-1","max-image-preview":"max-image-preview:large","max-video-preview":"max-video-preview:-1"},"canonical":"https:\/\/www.bs-moenke.de\/blog\/moenke\/2017\/12\/28\/so-klappts-mit-den-neujahrsvorsaetzen\/","og_locale":"de_DE","og_type":"article","og_title":"So klappt es mit den Neujahrsvors\u00e4tzen","og_description":"Was passiert h\u00e4ufig gegen Ende des Jahres? In den buntesten Farben malen Sie sich Ihre pers\u00f6nlichen Neujahrsvors\u00e4tze mit dem festen Vorhaben aus, diese erfolgreich umzusetzen. Wie Sie Ihre Neujahrsvors\u00e4tze erfolgreich meistern \u2013 dazu gebe ich Ihnen hilfreiche Tipps aus meiner langj\u00e4hrigen Erfahrung als Business-Coach.","og_url":"https:\/\/www.bs-moenke.de\/blog\/moenke\/2017\/12\/28\/so-klappts-mit-den-neujahrsvorsaetzen\/","og_site_name":"BS M\u00f6nke | Insights","article_published_time":"2017-12-28T14:55:53+00:00","article_modified_time":"2020-06-25T10:53:27+00:00","og_image":[{"width":1200,"height":746,"url":"http:\/\/www.bs-moenke.de\/blog\/moenke\/wp-content\/uploads\/2017\/12\/Gute-Vorsaetze.jpg","type":"image\/jpeg"}],"author":"Anja Funkel","twitter_card":"summary_large_image","twitter_misc":{"Verfasst von":"Anja Funkel","Gesch\u00e4tzte Lesezeit":"4 Minuten"},"schema":{"@context":"https:\/\/schema.org","@graph":[{"@type":"WebPage","@id":"https:\/\/www.bs-moenke.de\/blog\/moenke\/2017\/12\/28\/so-klappts-mit-den-neujahrsvorsaetzen\/","url":"https:\/\/www.bs-moenke.de\/blog\/moenke\/2017\/12\/28\/so-klappts-mit-den-neujahrsvorsaetzen\/","name":"So klappt es mit den Neujahrsvors\u00e4tzen","isPartOf":{"@id":"https:\/\/www.bs-moenke.de\/blog\/moenke\/#website"},"datePublished":"2017-12-28T14:55:53+00:00","dateModified":"2020-06-25T10:53:27+00:00","author":{"@id":"https:\/\/www.bs-moenke.de\/blog\/moenke\/#\/schema\/person\/18b99a8c48312d0c1c1063a8bc0f6854"},"description":"Was passiert h\u00e4ufig gegen Ende des Jahres? In den buntesten Farben malen Sie sich Ihre pers\u00f6nlichen Neujahrsvors\u00e4tze mit dem festen Vorhaben aus, diese erfolgreich umzusetzen. Wie Sie Ihre Neujahrsvors\u00e4tze erfolgreich meistern \u2013 dazu gebe ich Ihnen hilfreiche Tipps aus meiner langj\u00e4hrigen Erfahrung als Business-Coach.","breadcrumb":{"@id":"https:\/\/www.bs-moenke.de\/blog\/moenke\/2017\/12\/28\/so-klappts-mit-den-neujahrsvorsaetzen\/#breadcrumb"},"inLanguage":"de-DE","potentialAction":[{"@type":"ReadAction","target":["https:\/\/www.bs-moenke.de\/blog\/moenke\/2017\/12\/28\/so-klappts-mit-den-neujahrsvorsaetzen\/"]}]},{"@type":"BreadcrumbList","@id":"https:\/\/www.bs-moenke.de\/blog\/moenke\/2017\/12\/28\/so-klappts-mit-den-neujahrsvorsaetzen\/#breadcrumb","itemListElement":[{"@type":"ListItem","position":1,"name":"Startseite","item":"https:\/\/www.bs-moenke.de\/blog\/moenke\/"},{"@type":"ListItem","position":2,"name":"So klappt\u2018s mit den Neujahrsvors\u00e4tzen"}]},{"@type":"WebSite","@id":"https:\/\/www.bs-moenke.de\/blog\/moenke\/#website","url":"https:\/\/www.bs-moenke.de\/blog\/moenke\/","name":"BS M\u00f6nke | Insights","description":"","potentialAction":[{"@type":"SearchAction","target":{"@type":"EntryPoint","urlTemplate":"https:\/\/www.bs-moenke.de\/blog\/moenke\/?s={search_term_string}"},"query-input":"required name=search_term_string"}],"inLanguage":"de-DE"},{"@type":"Person","@id":"https:\/\/www.bs-moenke.de\/blog\/moenke\/#\/schema\/person\/18b99a8c48312d0c1c1063a8bc0f6854","name":"Anja Funkel","image":{"@type":"ImageObject","inLanguage":"de-DE","@id":"https:\/\/www.bs-moenke.de\/blog\/moenke\/#\/schema\/person\/image\/","url":"https:\/\/www.bs-moenke.de\/blog\/moenke\/wp-content\/uploads\/2017\/12\/bildas_web.jpg","contentUrl":"https:\/\/www.bs-moenke.de\/blog\/moenke\/wp-content\/uploads\/2017\/12\/bildas_web.jpg","caption":"Anja Funkel"},"description":"Mein Job bereitet mir Freude: T\u00e4glich begegne ich interessanten Pers\u00f6nlichkeiten, denen ich bei der Realisierung ihrer Ziele unter die Arme greifen darf. Individualit\u00e4t steht dabei f\u00fcr mich im Vordergrund. Die jeweils passende, erfolgsweisende Methode zu finden, ist mir wichtig. Daf\u00fcr erweitere ich stetig meinen fachlichen Horizont. In meiner Freizeit finde ich Entspannung beim Sport, Lesen und Reisen.","sameAs":["http:\/\/www.anja-funkel.de\/"],"url":"#molongui-disabled-link"}]}},"jetpack_featured_media_url":"https:\/\/i0.wp.com\/www.bs-moenke.de\/blog\/moenke\/wp-content\/uploads\/2017\/12\/Gute-Vorsaetze.jpg?fit=1200%2C746&ssl=1","jetpack_sharing_enabled":true,"jetpack_shortlink":"https:\/\/wp.me\/p88vyV-49","jetpack-related-posts":[],"_links":{"self":[{"href":"https:\/\/www.bs-moenke.de\/blog\/moenke\/wp-json\/wp\/v2\/posts\/257"}],"collection":[{"href":"https:\/\/www.bs-moenke.de\/blog\/moenke\/wp-json\/wp\/v2\/posts"}],"about":[{"href":"https:\/\/www.bs-moenke.de\/blog\/moenke\/wp-json\/wp\/v2\/types\/post"}],"author":[{"embeddable":true,"href":"https:\/\/www.bs-moenke.de\/blog\/moenke\/wp-json\/wp\/v2\/users\/3"}],"replies":[{"embeddable":true,"href":"https:\/\/www.bs-moenke.de\/blog\/moenke\/wp-json\/wp\/v2\/comments?post=257"}],"version-history":[{"count":9,"href":"https:\/\/www.bs-moenke.de\/blog\/moenke\/wp-json\/wp\/v2\/posts\/257\/revisions"}],"predecessor-version":[{"id":694,"href":"https:\/\/www.bs-moenke.de\/blog\/moenke\/wp-json\/wp\/v2\/posts\/257\/revisions\/694"}],"wp:featuredmedia":[{"embeddable":true,"href":"https:\/\/www.bs-moenke.de\/blog\/moenke\/wp-json\/wp\/v2\/media\/264"}],"wp:attachment":[{"href":"https:\/\/www.bs-moenke.de\/blog\/moenke\/wp-json\/wp\/v2\/media?parent=257"}],"wp:term":[{"taxonomy":"category","embeddable":true,"href":"https:\/\/www.bs-moenke.de\/blog\/moenke\/wp-json\/wp\/v2\/categories?post=257"},{"taxonomy":"post_tag","embeddable":true,"href":"https:\/\/www.bs-moenke.de\/blog\/moenke\/wp-json\/wp\/v2\/tags?post=257"}],"curies":[{"name":"wp","href":"https:\/\/api.w.org\/{rel}","templated":true}]}}